{"id":4898,"date":"2022-10-12T12:26:09","date_gmt":"2022-10-12T10:26:09","guid":{"rendered":"https:\/\/www.hotel-garage-biarritz.fr\/?p=4898"},"modified":"2025-10-01T15:18:55","modified_gmt":"2025-10-01T13:18:55","slug":"notre-hotel-partenaire-le-regina-se-transforme-cet-hiver","status":"publish","type":"post","link":"https:\/\/www.hotel-garage-biarritz.fr\/es\/notre-hotel-partenaire-le-regina-se-transforme-cet-hiver\/","title":{"rendered":"Al frente del Regina Experimental, el Garage te da la bienvenida"},"content":{"rendered":"\n<p><br>A partir de octubre de 2025, Regina Experimental Biarritz, situado justo enfrente de Le Garage, iniciar\u00e1 una serie de trabajos de mejora en su ic\u00f3nica fachada. Esta fase clave de restauraci\u00f3n tiene como objetivo preservar todo el esplendor hist\u00f3rico de esta joya de la Belle \u00c9poque, situada sobre la bah\u00eda de Biarritz.<\/p>\n\n\n\n<p>Mientras el hotel se transforma y se prepara para reabrir en verano de 2026, la experiencia Experimental contin\u00faa al lado, en Le Garage.<\/p>\n\n\n\n<figure class=\"wp-block-gallery has-nested-images columns-default is-cropped wp-block-gallery-1 is-layout-flex wp-block-gallery-is-layout-flex\">\n<figure class=\"wp-block-image size-large\"><img loading=\"lazy\" decoding=\"async\" width=\"684\" height=\"1024\" data-id=\"4874\" src=\"https:\/\/www.hotel-garage-biarritz.fr\/wp-content\/uploads\/2022\/10\/Regina-Experimental\u00a9mrtripper-87-684x1024.jpg\" alt=\"\" class=\"wp-image-4874\" srcset=\"https:\/\/www.hotel-garage-biarritz.fr\/wp-content\/uploads\/2022\/10\/Regina-Experimental\u00a9mrtripper-87-684x1024.jpg 684w, https:\/\/www.hotel-garage-biarritz.fr\/wp-content\/uploads\/2022\/10\/Regina-Experimental\u00a9mrtripper-87-200x300.jpg 200w, https:\/\/www.hotel-garage-biarritz.fr\/wp-content\/uploads\/2022\/10\/Regina-Experimental\u00a9mrtripper-87-768x1150.jpg 768w, https:\/\/www.hotel-garage-biarritz.fr\/wp-content\/uploads\/2022\/10\/Regina-Experimental\u00a9mrtripper-87-1025x1536.jpg 1025w, https:\/\/www.hotel-garage-biarritz.fr\/wp-content\/uploads\/2022\/10\/Regina-Experimental\u00a9mrtripper-87-1367x2048.jpg 1367w, https:\/\/www.hotel-garage-biarritz.fr\/wp-content\/uploads\/2022\/10\/Regina-Experimental\u00a9mrtripper-87-1568x2349.jpg 1568w, https:\/\/www.hotel-garage-biarritz.fr\/wp-content\/uploads\/2022\/10\/Regina-Experimental\u00a9mrtripper-87-scaled.jpg 1709w\" sizes=\"auto, (max-width: 684px) 100vw, 684px\" \/><\/figure>\n\n\n\n<figure class=\"wp-block-image size-large\"><img loading=\"lazy\" decoding=\"async\" width=\"684\" height=\"1024\" data-id=\"4877\" src=\"https:\/\/www.hotel-garage-biarritz.fr\/wp-content\/uploads\/2022\/10\/Regina-Experimental\u00a9mrtripper-83-684x1024.jpg\" alt=\"\" class=\"wp-image-4877\" srcset=\"https:\/\/www.hotel-garage-biarritz.fr\/wp-content\/uploads\/2022\/10\/Regina-Experimental\u00a9mrtripper-83-684x1024.jpg 684w, https:\/\/www.hotel-garage-biarritz.fr\/wp-content\/uploads\/2022\/10\/Regina-Experimental\u00a9mrtripper-83-200x300.jpg 200w, https:\/\/www.hotel-garage-biarritz.fr\/wp-content\/uploads\/2022\/10\/Regina-Experimental\u00a9mrtripper-83-768x1150.jpg 768w, https:\/\/www.hotel-garage-biarritz.fr\/wp-content\/uploads\/2022\/10\/Regina-Experimental\u00a9mrtripper-83-1025x1536.jpg 1025w, https:\/\/www.hotel-garage-biarritz.fr\/wp-content\/uploads\/2022\/10\/Regina-Experimental\u00a9mrtripper-83-1367x2048.jpg 1367w, https:\/\/www.hotel-garage-biarritz.fr\/wp-content\/uploads\/2022\/10\/Regina-Experimental\u00a9mrtripper-83-1568x2349.jpg 1568w, https:\/\/www.hotel-garage-biarritz.fr\/wp-content\/uploads\/2022\/10\/Regina-Experimental\u00a9mrtripper-83-scaled.jpg 1709w\" sizes=\"auto, (max-width: 684px) 100vw, 684px\" \/><\/figure>\n<\/figure>\n\n\n\n<h2 class=\"wp-block-heading\">Hosp\u00e9date en Le Garage Biarritz durante la renovaci\u00f3n<\/h2>\n\n\n\n<p>Antiguo garage de la Belle \u00c9poque, ahora reinventado como hotel, Le Garage Biarritz combina una elegancia libre con l\u00edneas arquitect\u00f3nicas audaces y una atm\u00f3sfera relajada. Sus 27 habitaciones y suites, algunas con terraza o vistas al mar, ofrecen un refugio contempor\u00e1neo arraigado en la historia del edificio.<\/p>\n\n\n\n<p>Para cualquier consulta, no dudes en contactar a nuestro equipo al <strong>+33 5 86 98 02 20.<\/strong><br><\/p>\n\n\n\n<div class=\"wp-block-buttons is-content-justification-center is-layout-flex wp-container-core-buttons-is-layout-16018d1d wp-block-buttons-is-layout-flex\">\n<div class=\"wp-block-button is-style-fill\"><a class=\"wp-block-button__link has-light-green-background-color has-background wp-element-button\" href=\"https:\/\/www.hotel-garage-biarritz.fr\/?namastay=true&amp;ratePlanCode=\">R\u00e9server<\/a><\/div>\n<\/div>\n\n\n\n<hr class=\"wp-block-separator has-alpha-channel-opacity\"\/>\n\n\n\n<figure class=\"wp-block-gallery has-nested-images columns-default is-cropped wp-block-gallery-2 is-layout-flex wp-block-gallery-is-layout-flex\">\n<figure class=\"wp-block-image size-large\"><img loading=\"lazy\" decoding=\"async\" width=\"683\" height=\"1024\" data-id=\"4880\" src=\"https:\/\/www.hotel-garage-biarritz.fr\/wp-content\/uploads\/2022\/10\/LeGarage20210824-650-683x1024.jpg\" alt=\"\" class=\"wp-image-4880\" srcset=\"https:\/\/www.hotel-garage-biarritz.fr\/wp-content\/uploads\/2022\/10\/LeGarage20210824-650-683x1024.jpg 683w, https:\/\/www.hotel-garage-biarritz.fr\/wp-content\/uploads\/2022\/10\/LeGarage20210824-650-200x300.jpg 200w, https:\/\/www.hotel-garage-biarritz.fr\/wp-content\/uploads\/2022\/10\/LeGarage20210824-650-768x1152.jpg 768w, https:\/\/www.hotel-garage-biarritz.fr\/wp-content\/uploads\/2022\/10\/LeGarage20210824-650-1024x1536.jpg 1024w, https:\/\/www.hotel-garage-biarritz.fr\/wp-content\/uploads\/2022\/10\/LeGarage20210824-650-1366x2048.jpg 1366w, https:\/\/www.hotel-garage-biarritz.fr\/wp-content\/uploads\/2022\/10\/LeGarage20210824-650-1568x2351.jpg 1568w, https:\/\/www.hotel-garage-biarritz.fr\/wp-content\/uploads\/2022\/10\/LeGarage20210824-650-scaled.jpg 1707w\" sizes=\"auto, (max-width: 683px) 100vw, 683px\" \/><\/figure>\n\n\n\n<figure class=\"wp-block-image size-large\"><img loading=\"lazy\" decoding=\"async\" width=\"683\" height=\"1024\" data-id=\"4883\" src=\"https:\/\/www.hotel-garage-biarritz.fr\/wp-content\/uploads\/2022\/10\/LeGarage20210826-613-683x1024.jpg\" alt=\"\" class=\"wp-image-4883\" srcset=\"https:\/\/www.hotel-garage-biarritz.fr\/wp-content\/uploads\/2022\/10\/LeGarage20210826-613-683x1024.jpg 683w, https:\/\/www.hotel-garage-biarritz.fr\/wp-content\/uploads\/2022\/10\/LeGarage20210826-613-200x300.jpg 200w, https:\/\/www.hotel-garage-biarritz.fr\/wp-content\/uploads\/2022\/10\/LeGarage20210826-613-768x1152.jpg 768w, https:\/\/www.hotel-garage-biarritz.fr\/wp-content\/uploads\/2022\/10\/LeGarage20210826-613-1024x1536.jpg 1024w, https:\/\/www.hotel-garage-biarritz.fr\/wp-content\/uploads\/2022\/10\/LeGarage20210826-613-1366x2048.jpg 1366w, https:\/\/www.hotel-garage-biarritz.fr\/wp-content\/uploads\/2022\/10\/LeGarage20210826-613-1568x2351.jpg 1568w, https:\/\/www.hotel-garage-biarritz.fr\/wp-content\/uploads\/2022\/10\/LeGarage20210826-613-scaled.jpg 1707w\" sizes=\"auto, (max-width: 683px) 100vw, 683px\" \/><\/figure>\n\n\n\n<figure class=\"wp-block-image size-large\"><img loading=\"lazy\" decoding=\"async\" width=\"683\" height=\"1024\" data-id=\"4886\" src=\"https:\/\/www.hotel-garage-biarritz.fr\/wp-content\/uploads\/2022\/10\/salome_rateau-100-683x1024.jpg\" alt=\"\" class=\"wp-image-4886\" srcset=\"https:\/\/www.hotel-garage-biarritz.fr\/wp-content\/uploads\/2022\/10\/salome_rateau-100-683x1024.jpg 683w, https:\/\/www.hotel-garage-biarritz.fr\/wp-content\/uploads\/2022\/10\/salome_rateau-100-200x300.jpg 200w, https:\/\/www.hotel-garage-biarritz.fr\/wp-content\/uploads\/2022\/10\/salome_rateau-100-768x1152.jpg 768w, https:\/\/www.hotel-garage-biarritz.fr\/wp-content\/uploads\/2022\/10\/salome_rateau-100-1024x1536.jpg 1024w, https:\/\/www.hotel-garage-biarritz.fr\/wp-content\/uploads\/2022\/10\/salome_rateau-100.jpg 1365w\" sizes=\"auto, (max-width: 683px) 100vw, 683px\" \/><\/figure>\n<\/figure>\n\n\n\n<p>El neo-bistr\u00f3 de Le Garage est\u00e1 abierto todos los d\u00edas para almuerzos, cenas, copas y brunch los domingos.<br><\/p>\n\n\n\n<div class=\"wp-block-buttons is-content-justification-center is-layout-flex wp-container-core-buttons-is-layout-16018d1d wp-block-buttons-is-layout-flex\">\n<div class=\"wp-block-button is-style-fill\"><a class=\"wp-block-button__link has-light-green-background-color has-background wp-element-button\" href=\"https:\/\/www.hotel-garage-biarritz.fr\/restaurant\/\" target=\"_blank\" rel=\"noreferrer noopener\">Descubrir<\/a><\/div>\n<\/div>\n\n\n\n<h2 class=\"wp-block-heading\">Para prolongar la experiencia Experimental<\/h2>\n\n\n\n<p><br>La aventura Experimental comenz\u00f3 en Par\u00eds en 2007, con un bar discreto que se convirti\u00f3 en el punto de partida del renacimiento del c\u00f3ctel parisino. Desde entonces, se han escrito nuevos cap\u00edtulos: restaurantes, hoteles y lugares inspirados en sus entornos \u00fanicos. Hoy, Experimental florece en Par\u00eds, Londres, Nueva York, Venecia, Verbier, Val d\u2019Is\u00e8re, Ibiza, Menorca y en el coraz\u00f3n del campo ingl\u00e9s. Cada destino invita a vivir una experiencia singular e inolvidable.<\/p>\n\n\n\n<div style=\"position: relative; padding-bottom: 66.7%; height: 0; overflow: hidden;\">\n  <iframe \n    src=\"https:\/\/player.vimeo.com\/video\/1119738400?muted=1&#038;autoplay=1&#038;pip=0&#038;controls=0&#038;loop=1&#038;background=1\" \n    style=\"position: absolute; top: 0; left: 0; width: 100%; height: 100%;\" \n    frameborder=\"0\" \n    allow=\"autoplay; fullscreen; picture-in-picture\" \n    allowfullscreen>\n  <\/iframe>\n<\/div>\n\n\n\n<div class=\"wp-block-buttons is-content-justification-center is-layout-flex wp-container-core-buttons-is-layout-16018d1d wp-block-buttons-is-layout-flex\">\n<div class=\"wp-block-button\"><a class=\"wp-block-button__link has-light-green-background-color has-background wp-element-button\" href=\"https:\/\/fr.experimentalgroup.com\/\" target=\"_blank\" rel=\"noreferrer noopener\">Descubir<\/a><\/div>\n<\/div>\n\n\n\n<p><\/p>\n","protected":false},"excerpt":{"rendered":"<p>A partir de octubre de 2025, Regina Experimental Biarritz, situado justo enfrente de Le Garage, iniciar\u00e1 una serie de trabajos de mejora en su ic\u00f3nica fachada. Esta fase clave de restauraci\u00f3n tiene como objetivo preservar todo el esplendor hist\u00f3rico de esta joya de la Belle \u00c9poque, situada sobre la bah\u00eda de Biarritz. Mientras el hotel&hellip; <a class=\"more-link\" href=\"https:\/\/www.hotel-garage-biarritz.fr\/es\/notre-hotel-partenaire-le-regina-se-transforme-cet-hiver\/\">Continue reading <span class=\"screen-reader-text\">Al frente del Regina Experimental, el Garage te da la bienvenida<\/span><\/a><\/p>\n","protected":false},"author":3,"featured_media":0,"comment_status":"closed","ping_status":"closed","sticky":false,"template":"","format":"standard","meta":{"footnotes":""},"categories":[32],"tags":[69,70],"class_list":["post-4898","post","type-post","status-publish","format-standard","hentry","category-sin-categorizar","tag-biarritz-es","tag-hotel-es","entry"],"yoast_head":"<!-- This site is optimized with the Yoast SEO plugin v27.5 - https:\/\/yoast.com\/product\/yoast-seo-wordpress\/ -->\n<title>Al frente del Regina Experimental, el Garage te da la bienvenida | Le Garage Biarritz<\/title>\n<meta name=\"description\" content=\"D\u00e9couvrez notre article sur Al frente del Regina Experimental, el Garage te da la bienvenida dans le blog du Garage, h\u00f4tel design et branch\u00e9 \u00e0 Biarritz\" \/>\n<meta name=\"robots\" content=\"index, follow, max-snippet:-1, max-image-preview:large, max-video-preview:-1\" \/>\n<link rel=\"canonical\" href=\"https:\/\/www.hotel-garage-biarritz.fr\/es\/notre-hotel-partenaire-le-regina-se-transforme-cet-hiver\/\" \/>\n<meta property=\"og:locale\" content=\"es_ES\" \/>\n<meta property=\"og:type\" content=\"article\" \/>\n<meta property=\"og:title\" content=\"Al frente del Regina Experimental, el Garage te da la bienvenida | Le Garage Biarritz\" \/>\n<meta property=\"og:description\" content=\"D\u00e9couvrez notre article sur Al frente del Regina Experimental, el Garage te da la bienvenida dans le blog du Garage, h\u00f4tel design et branch\u00e9 \u00e0 Biarritz\" \/>\n<meta property=\"og:url\" content=\"https:\/\/www.hotel-garage-biarritz.fr\/es\/notre-hotel-partenaire-le-regina-se-transforme-cet-hiver\/\" \/>\n<meta property=\"og:site_name\" content=\"Le Garage\" \/>\n<meta property=\"article:published_time\" content=\"2022-10-12T10:26:09+00:00\" \/>\n<meta property=\"article:modified_time\" content=\"2025-10-01T13:18:55+00:00\" \/>\n<meta property=\"og:image\" content=\"https:\/\/www.hotel-garage-biarritz.fr\/wp-content\/uploads\/2022\/10\/LeGarage20210824-650-683x1024.jpg\" \/>\n<meta name=\"author\" content=\"Gabrielle Legeay\" \/>\n<meta name=\"twitter:card\" content=\"summary_large_image\" \/>\n<meta name=\"twitter:label1\" content=\"Written by\" \/>\n\t<meta name=\"twitter:data1\" content=\"Gabrielle Legeay\" \/>\n\t<meta name=\"twitter:label2\" content=\"Est. reading time\" \/>\n\t<meta name=\"twitter:data2\" content=\"3 minutes\" \/>\n<script type=\"application\/ld+json\" class=\"yoast-schema-graph\">{\"@context\":\"https:\\\/\\\/schema.org\",\"@graph\":[{\"@type\":\"Article\",\"@id\":\"https:\\\/\\\/www.hotel-garage-biarritz.fr\\\/es\\\/notre-hotel-partenaire-le-regina-se-transforme-cet-hiver\\\/#article\",\"isPartOf\":{\"@id\":\"https:\\\/\\\/www.hotel-garage-biarritz.fr\\\/es\\\/notre-hotel-partenaire-le-regina-se-transforme-cet-hiver\\\/\"},\"author\":{\"name\":\"Gabrielle Legeay\",\"@id\":\"https:\\\/\\\/www.hotel-garage-biarritz.fr\\\/#\\\/schema\\\/person\\\/fdda031622273814636316a427c6d998\"},\"headline\":\"Al frente del Regina Experimental, el Garage te da la bienvenida\",\"datePublished\":\"2022-10-12T10:26:09+00:00\",\"dateModified\":\"2025-10-01T13:18:55+00:00\",\"mainEntityOfPage\":{\"@id\":\"https:\\\/\\\/www.hotel-garage-biarritz.fr\\\/es\\\/notre-hotel-partenaire-le-regina-se-transforme-cet-hiver\\\/\"},\"wordCount\":267,\"publisher\":{\"@id\":\"https:\\\/\\\/www.hotel-garage-biarritz.fr\\\/#organization\"},\"image\":{\"@id\":\"https:\\\/\\\/www.hotel-garage-biarritz.fr\\\/es\\\/notre-hotel-partenaire-le-regina-se-transforme-cet-hiver\\\/#primaryimage\"},\"thumbnailUrl\":\"https:\\\/\\\/www.hotel-garage-biarritz.fr\\\/wp-content\\\/uploads\\\/2022\\\/10\\\/LeGarage20210824-650-683x1024.jpg\",\"keywords\":[\"biarritz\",\"hotel\"],\"articleSection\":[\"Sin categorizar\"],\"inLanguage\":\"es-ES\"},{\"@type\":\"WebPage\",\"@id\":\"https:\\\/\\\/www.hotel-garage-biarritz.fr\\\/es\\\/notre-hotel-partenaire-le-regina-se-transforme-cet-hiver\\\/\",\"url\":\"https:\\\/\\\/www.hotel-garage-biarritz.fr\\\/es\\\/notre-hotel-partenaire-le-regina-se-transforme-cet-hiver\\\/\",\"name\":\"Al frente del Regina Experimental, el Garage te da la bienvenida | Le Garage Biarritz\",\"isPartOf\":{\"@id\":\"https:\\\/\\\/www.hotel-garage-biarritz.fr\\\/#website\"},\"primaryImageOfPage\":{\"@id\":\"https:\\\/\\\/www.hotel-garage-biarritz.fr\\\/es\\\/notre-hotel-partenaire-le-regina-se-transforme-cet-hiver\\\/#primaryimage\"},\"image\":{\"@id\":\"https:\\\/\\\/www.hotel-garage-biarritz.fr\\\/es\\\/notre-hotel-partenaire-le-regina-se-transforme-cet-hiver\\\/#primaryimage\"},\"thumbnailUrl\":\"https:\\\/\\\/www.hotel-garage-biarritz.fr\\\/wp-content\\\/uploads\\\/2022\\\/10\\\/LeGarage20210824-650-683x1024.jpg\",\"datePublished\":\"2022-10-12T10:26:09+00:00\",\"dateModified\":\"2025-10-01T13:18:55+00:00\",\"description\":\"D\u00e9couvrez notre article sur Al frente del Regina Experimental, el Garage te da la bienvenida dans le blog du Garage, h\u00f4tel design et branch\u00e9 \u00e0 Biarritz\",\"breadcrumb\":{\"@id\":\"https:\\\/\\\/www.hotel-garage-biarritz.fr\\\/es\\\/notre-hotel-partenaire-le-regina-se-transforme-cet-hiver\\\/#breadcrumb\"},\"inLanguage\":\"es-ES\",\"potentialAction\":[{\"@type\":\"ReadAction\",\"target\":[\"https:\\\/\\\/www.hotel-garage-biarritz.fr\\\/es\\\/notre-hotel-partenaire-le-regina-se-transforme-cet-hiver\\\/\"]}]},{\"@type\":\"ImageObject\",\"inLanguage\":\"es-ES\",\"@id\":\"https:\\\/\\\/www.hotel-garage-biarritz.fr\\\/es\\\/notre-hotel-partenaire-le-regina-se-transforme-cet-hiver\\\/#primaryimage\",\"url\":\"https:\\\/\\\/www.hotel-garage-biarritz.fr\\\/wp-content\\\/uploads\\\/2022\\\/10\\\/LeGarage20210824-650-683x1024.jpg\",\"contentUrl\":\"https:\\\/\\\/www.hotel-garage-biarritz.fr\\\/wp-content\\\/uploads\\\/2022\\\/10\\\/LeGarage20210824-650-683x1024.jpg\"},{\"@type\":\"BreadcrumbList\",\"@id\":\"https:\\\/\\\/www.hotel-garage-biarritz.fr\\\/es\\\/notre-hotel-partenaire-le-regina-se-transforme-cet-hiver\\\/#breadcrumb\",\"itemListElement\":[{\"@type\":\"ListItem\",\"position\":1,\"name\":\"Accueil\",\"item\":\"https:\\\/\\\/www.hotel-garage-biarritz.fr\\\/es\\\/\"},{\"@type\":\"ListItem\",\"position\":2,\"name\":\"Non classifi\u00e9(e)\",\"item\":\"https:\\\/\\\/www.hotel-garage-biarritz.fr\\\/category\\\/non-classifiee\\\/\"},{\"@type\":\"ListItem\",\"position\":3,\"name\":\"Al frente del Regina Experimental, el Garage te da la bienvenida\"}]},{\"@type\":\"WebSite\",\"@id\":\"https:\\\/\\\/www.hotel-garage-biarritz.fr\\\/#website\",\"url\":\"https:\\\/\\\/www.hotel-garage-biarritz.fr\\\/\",\"name\":\"Le Garage\",\"description\":\"Biarritz\",\"publisher\":{\"@id\":\"https:\\\/\\\/www.hotel-garage-biarritz.fr\\\/#organization\"},\"potentialAction\":[{\"@type\":\"SearchAction\",\"target\":{\"@type\":\"EntryPoint\",\"urlTemplate\":\"https:\\\/\\\/www.hotel-garage-biarritz.fr\\\/?s={search_term_string}\"},\"query-input\":{\"@type\":\"PropertyValueSpecification\",\"valueRequired\":true,\"valueName\":\"search_term_string\"}}],\"inLanguage\":\"es-ES\"},{\"@type\":\"Organization\",\"@id\":\"https:\\\/\\\/www.hotel-garage-biarritz.fr\\\/#organization\",\"name\":\"H\u00f4tel Le Garage\",\"url\":\"https:\\\/\\\/www.hotel-garage-biarritz.fr\\\/\",\"logo\":{\"@type\":\"ImageObject\",\"inLanguage\":\"es-ES\",\"@id\":\"https:\\\/\\\/www.hotel-garage-biarritz.fr\\\/#\\\/schema\\\/logo\\\/image\\\/\",\"url\":\"https:\\\/\\\/www.hotel-garage-biarritz.fr\\\/wp-content\\\/uploads\\\/2021\\\/03\\\/hotel-le-garage_footer-logo-arch.png\",\"contentUrl\":\"https:\\\/\\\/www.hotel-garage-biarritz.fr\\\/wp-content\\\/uploads\\\/2021\\\/03\\\/hotel-le-garage_footer-logo-arch.png\",\"width\":524,\"height\":707,\"caption\":\"H\u00f4tel Le Garage\"},\"image\":{\"@id\":\"https:\\\/\\\/www.hotel-garage-biarritz.fr\\\/#\\\/schema\\\/logo\\\/image\\\/\"},\"sameAs\":[\"https:\\\/\\\/www.instagram.com\\\/garagebiarritz\\\/\"]},{\"@type\":\"Person\",\"@id\":\"https:\\\/\\\/www.hotel-garage-biarritz.fr\\\/#\\\/schema\\\/person\\\/fdda031622273814636316a427c6d998\",\"name\":\"Gabrielle Legeay\",\"image\":{\"@type\":\"ImageObject\",\"inLanguage\":\"es-ES\",\"@id\":\"https:\\\/\\\/secure.gravatar.com\\\/avatar\\\/e17c8f0f0ef57d0bf4f36dd5958fbcdf993d226424788a5f77a21daab5ce17f0?s=96&d=mm&r=g\",\"url\":\"https:\\\/\\\/secure.gravatar.com\\\/avatar\\\/e17c8f0f0ef57d0bf4f36dd5958fbcdf993d226424788a5f77a21daab5ce17f0?s=96&d=mm&r=g\",\"contentUrl\":\"https:\\\/\\\/secure.gravatar.com\\\/avatar\\\/e17c8f0f0ef57d0bf4f36dd5958fbcdf993d226424788a5f77a21daab5ce17f0?s=96&d=mm&r=g\",\"caption\":\"Gabrielle Legeay\"}}]}<\/script>\n<!-- \/ Yoast SEO plugin. -->","yoast_head_json":{"title":"Al frente del Regina Experimental, el Garage te da la bienvenida | Le Garage Biarritz","description":"D\u00e9couvrez notre article sur Al frente del Regina Experimental, el Garage te da la bienvenida dans le blog du Garage, h\u00f4tel design et branch\u00e9 \u00e0 Biarritz","robots":{"index":"index","follow":"follow","max-snippet":"max-snippet:-1","max-image-preview":"max-image-preview:large","max-video-preview":"max-video-preview:-1"},"canonical":"https:\/\/www.hotel-garage-biarritz.fr\/es\/notre-hotel-partenaire-le-regina-se-transforme-cet-hiver\/","og_locale":"es_ES","og_type":"article","og_title":"Al frente del Regina Experimental, el Garage te da la bienvenida | Le Garage Biarritz","og_description":"D\u00e9couvrez notre article sur Al frente del Regina Experimental, el Garage te da la bienvenida dans le blog du Garage, h\u00f4tel design et branch\u00e9 \u00e0 Biarritz","og_url":"https:\/\/www.hotel-garage-biarritz.fr\/es\/notre-hotel-partenaire-le-regina-se-transforme-cet-hiver\/","og_site_name":"Le Garage","article_published_time":"2022-10-12T10:26:09+00:00","article_modified_time":"2025-10-01T13:18:55+00:00","og_image":[{"url":"https:\/\/www.hotel-garage-biarritz.fr\/wp-content\/uploads\/2022\/10\/LeGarage20210824-650-683x1024.jpg","type":"","width":"","height":""}],"author":"Gabrielle Legeay","twitter_card":"summary_large_image","twitter_misc":{"Written by":"Gabrielle Legeay","Est. reading time":"3 minutes"},"schema":{"@context":"https:\/\/schema.org","@graph":[{"@type":"Article","@id":"https:\/\/www.hotel-garage-biarritz.fr\/es\/notre-hotel-partenaire-le-regina-se-transforme-cet-hiver\/#article","isPartOf":{"@id":"https:\/\/www.hotel-garage-biarritz.fr\/es\/notre-hotel-partenaire-le-regina-se-transforme-cet-hiver\/"},"author":{"name":"Gabrielle Legeay","@id":"https:\/\/www.hotel-garage-biarritz.fr\/#\/schema\/person\/fdda031622273814636316a427c6d998"},"headline":"Al frente del Regina Experimental, el Garage te da la bienvenida","datePublished":"2022-10-12T10:26:09+00:00","dateModified":"2025-10-01T13:18:55+00:00","mainEntityOfPage":{"@id":"https:\/\/www.hotel-garage-biarritz.fr\/es\/notre-hotel-partenaire-le-regina-se-transforme-cet-hiver\/"},"wordCount":267,"publisher":{"@id":"https:\/\/www.hotel-garage-biarritz.fr\/#organization"},"image":{"@id":"https:\/\/www.hotel-garage-biarritz.fr\/es\/notre-hotel-partenaire-le-regina-se-transforme-cet-hiver\/#primaryimage"},"thumbnailUrl":"https:\/\/www.hotel-garage-biarritz.fr\/wp-content\/uploads\/2022\/10\/LeGarage20210824-650-683x1024.jpg","keywords":["biarritz","hotel"],"articleSection":["Sin categorizar"],"inLanguage":"es-ES"},{"@type":"WebPage","@id":"https:\/\/www.hotel-garage-biarritz.fr\/es\/notre-hotel-partenaire-le-regina-se-transforme-cet-hiver\/","url":"https:\/\/www.hotel-garage-biarritz.fr\/es\/notre-hotel-partenaire-le-regina-se-transforme-cet-hiver\/","name":"Al frente del Regina Experimental, el Garage te da la bienvenida | Le Garage Biarritz","isPartOf":{"@id":"https:\/\/www.hotel-garage-biarritz.fr\/#website"},"primaryImageOfPage":{"@id":"https:\/\/www.hotel-garage-biarritz.fr\/es\/notre-hotel-partenaire-le-regina-se-transforme-cet-hiver\/#primaryimage"},"image":{"@id":"https:\/\/www.hotel-garage-biarritz.fr\/es\/notre-hotel-partenaire-le-regina-se-transforme-cet-hiver\/#primaryimage"},"thumbnailUrl":"https:\/\/www.hotel-garage-biarritz.fr\/wp-content\/uploads\/2022\/10\/LeGarage20210824-650-683x1024.jpg","datePublished":"2022-10-12T10:26:09+00:00","dateModified":"2025-10-01T13:18:55+00:00","description":"D\u00e9couvrez notre article sur Al frente del Regina Experimental, el Garage te da la bienvenida dans le blog du Garage, h\u00f4tel design et branch\u00e9 \u00e0 Biarritz","breadcrumb":{"@id":"https:\/\/www.hotel-garage-biarritz.fr\/es\/notre-hotel-partenaire-le-regina-se-transforme-cet-hiver\/#breadcrumb"},"inLanguage":"es-ES","potentialAction":[{"@type":"ReadAction","target":["https:\/\/www.hotel-garage-biarritz.fr\/es\/notre-hotel-partenaire-le-regina-se-transforme-cet-hiver\/"]}]},{"@type":"ImageObject","inLanguage":"es-ES","@id":"https:\/\/www.hotel-garage-biarritz.fr\/es\/notre-hotel-partenaire-le-regina-se-transforme-cet-hiver\/#primaryimage","url":"https:\/\/www.hotel-garage-biarritz.fr\/wp-content\/uploads\/2022\/10\/LeGarage20210824-650-683x1024.jpg","contentUrl":"https:\/\/www.hotel-garage-biarritz.fr\/wp-content\/uploads\/2022\/10\/LeGarage20210824-650-683x1024.jpg"},{"@type":"BreadcrumbList","@id":"https:\/\/www.hotel-garage-biarritz.fr\/es\/notre-hotel-partenaire-le-regina-se-transforme-cet-hiver\/#breadcrumb","itemListElement":[{"@type":"ListItem","position":1,"name":"Accueil","item":"https:\/\/www.hotel-garage-biarritz.fr\/es\/"},{"@type":"ListItem","position":2,"name":"Non classifi\u00e9(e)","item":"https:\/\/www.hotel-garage-biarritz.fr\/category\/non-classifiee\/"},{"@type":"ListItem","position":3,"name":"Al frente del Regina Experimental, el Garage te da la bienvenida"}]},{"@type":"WebSite","@id":"https:\/\/www.hotel-garage-biarritz.fr\/#website","url":"https:\/\/www.hotel-garage-biarritz.fr\/","name":"Le Garage","description":"Biarritz","publisher":{"@id":"https:\/\/www.hotel-garage-biarritz.fr\/#organization"},"potentialAction":[{"@type":"SearchAction","target":{"@type":"EntryPoint","urlTemplate":"https:\/\/www.hotel-garage-biarritz.fr\/?s={search_term_string}"},"query-input":{"@type":"PropertyValueSpecification","valueRequired":true,"valueName":"search_term_string"}}],"inLanguage":"es-ES"},{"@type":"Organization","@id":"https:\/\/www.hotel-garage-biarritz.fr\/#organization","name":"H\u00f4tel Le Garage","url":"https:\/\/www.hotel-garage-biarritz.fr\/","logo":{"@type":"ImageObject","inLanguage":"es-ES","@id":"https:\/\/www.hotel-garage-biarritz.fr\/#\/schema\/logo\/image\/","url":"https:\/\/www.hotel-garage-biarritz.fr\/wp-content\/uploads\/2021\/03\/hotel-le-garage_footer-logo-arch.png","contentUrl":"https:\/\/www.hotel-garage-biarritz.fr\/wp-content\/uploads\/2021\/03\/hotel-le-garage_footer-logo-arch.png","width":524,"height":707,"caption":"H\u00f4tel Le Garage"},"image":{"@id":"https:\/\/www.hotel-garage-biarritz.fr\/#\/schema\/logo\/image\/"},"sameAs":["https:\/\/www.instagram.com\/garagebiarritz\/"]},{"@type":"Person","@id":"https:\/\/www.hotel-garage-biarritz.fr\/#\/schema\/person\/fdda031622273814636316a427c6d998","name":"Gabrielle Legeay","image":{"@type":"ImageObject","inLanguage":"es-ES","@id":"https:\/\/secure.gravatar.com\/avatar\/e17c8f0f0ef57d0bf4f36dd5958fbcdf993d226424788a5f77a21daab5ce17f0?s=96&d=mm&r=g","url":"https:\/\/secure.gravatar.com\/avatar\/e17c8f0f0ef57d0bf4f36dd5958fbcdf993d226424788a5f77a21daab5ce17f0?s=96&d=mm&r=g","contentUrl":"https:\/\/secure.gravatar.com\/avatar\/e17c8f0f0ef57d0bf4f36dd5958fbcdf993d226424788a5f77a21daab5ce17f0?s=96&d=mm&r=g","caption":"Gabrielle Legeay"}}]}},"_links":{"self":[{"href":"https:\/\/www.hotel-garage-biarritz.fr\/es\/wp-json\/wp\/v2\/posts\/4898","targetHints":{"allow":["GET"]}}],"collection":[{"href":"https:\/\/www.hotel-garage-biarritz.fr\/es\/wp-json\/wp\/v2\/posts"}],"about":[{"href":"https:\/\/www.hotel-garage-biarritz.fr\/es\/wp-json\/wp\/v2\/types\/post"}],"author":[{"embeddable":true,"href":"https:\/\/www.hotel-garage-biarritz.fr\/es\/wp-json\/wp\/v2\/users\/3"}],"replies":[{"embeddable":true,"href":"https:\/\/www.hotel-garage-biarritz.fr\/es\/wp-json\/wp\/v2\/comments?post=4898"}],"version-history":[{"count":2,"href":"https:\/\/www.hotel-garage-biarritz.fr\/es\/wp-json\/wp\/v2\/posts\/4898\/revisions"}],"predecessor-version":[{"id":4902,"href":"https:\/\/www.hotel-garage-biarritz.fr\/es\/wp-json\/wp\/v2\/posts\/4898\/revisions\/4902"}],"wp:attachment":[{"href":"https:\/\/www.hotel-garage-biarritz.fr\/es\/wp-json\/wp\/v2\/media?parent=4898"}],"wp:term":[{"taxonomy":"category","embeddable":true,"href":"https:\/\/www.hotel-garage-biarritz.fr\/es\/wp-json\/wp\/v2\/categories?post=4898"},{"taxonomy":"post_tag","embeddable":true,"href":"https:\/\/www.hotel-garage-biarritz.fr\/es\/wp-json\/wp\/v2\/tags?post=4898"}],"curies":[{"name":"wp","href":"https:\/\/api.w.org\/{rel}","templated":true}]}}