{"id":1844,"date":"2021-02-24T16:00:19","date_gmt":"2021-02-24T15:00:19","guid":{"rendered":"https:\/\/www.hotel-garage-biarritz.fr\/?p=1844"},"modified":"2022-02-21T19:45:03","modified_gmt":"2022-02-21T18:45:03","slug":"entrevista-los-decoradores-del-garage","status":"publish","type":"post","link":"https:\/\/www.hotel-garage-biarritz.fr\/es\/entrevista-los-decoradores-del-garage\/","title":{"rendered":"ENTREVISTA: Los decoradores del Garage"},"content":{"rendered":"\n<p>Agn\u00e8s y Pauline son las decoradoras del nuevo hotel de 4 estrellas Le Garage Biarritz.&nbsp;Estas dos mujeres combinan sus habilidades y conocimientos en la industria hotelera y la renovaci\u00f3n para dise\u00f1ar este maravilloso proyecto frente al oc\u00e9ano. Aqu\u00ed comparten sus inspiraciones y motivaciones para la creaci\u00f3n del Hotel Le Garage Biarritz.<\/p>\n\n\n\n<hr class=\"wp-block-separator\"\/>\n\n\n\n<h2 class=\"wp-block-heading\" id=\"agnes-guiot\"><strong>Agn\u00e8s&nbsp;Guiot<\/strong><\/h2>\n\n\n\n<p>Lleva 15 a\u00f1os imaginando, creando y gestionando una brasserie y dos hoteles frente al mar en Biarritz. Es una arquitecta y dise\u00f1adora de interiores puramente autodidacta. Abri\u00f3 su propio hotel YNDO en Burdeos, un hotel de 5 estrellas con 12 habitaciones en una mansi\u00f3n del siglo XIX con un aspecto decididamente de dise\u00f1o. Este lujoso proyecto se convertir\u00e1 en la firma de su trabajo, destacando su personalidad y su gusto refinado e innovador. Su talento innato para entender un espacio y su potencial de transformaci\u00f3n la llev\u00f3 a trabajar en el proyecto de Le Garage de Biarritz.<\/p>\n\n\n\n<h2 class=\"wp-block-heading\" id=\"pauline-minse\"><strong>Pauline Mins<\/strong>\u00e9 <\/h2>\n\n\n\n<p>Se gradu\u00f3 en el Institut Sup\u00e9rieur Europ\u00e9en de la Mode de Par\u00eds (rama empresarial del grupo ESMOD) y es licenciada en dise\u00f1o de interiores. Se incorpor\u00f3 al sector hotelero en 2016 dentro del grupo NERIS, que est\u00e1 en pleno desarrollo y cuenta ya con 17 establecimientos, principalmente en el oeste de Francia. Se encarga de coordinar la decoraci\u00f3n y la imagen del Garaje.<\/p>\n\n\n\n<div class=\"wp-block-group\"><div class=\"wp-block-group__inner-container is-layout-flow wp-block-group-is-layout-flow\">\n<div class=\"wp-block-columns is-style-twentytwentyone-columns-overlap is-layout-flex wp-container-core-columns-is-layout-9d6595d7 wp-block-columns-is-layout-flex\">\n<div class=\"wp-block-column is-layout-flow wp-block-column-is-layout-flow\">\n<div class=\"wp-block-image\"><figure class=\"alignright size-thumbnail\"><img loading=\"lazy\" decoding=\"async\" width=\"150\" height=\"150\" src=\"https:\/\/www.hotel-garage-biarritz.fr\/wp-content\/uploads\/2021\/02\/Weny-Wei--150x150.jpg\" alt=\"surf biarritz\" class=\"wp-image-1541\"\/><\/figure><\/div>\n\n\n\n<figure class=\"wp-block-image size-large\"><img loading=\"lazy\" decoding=\"async\" width=\"376\" height=\"376\" src=\"https:\/\/www.hotel-garage-biarritz.fr\/wp-content\/uploads\/2021\/04\/AMES-POOL-edited.jpg\" alt=\"piscine h\u00f4tel 4 \u00e9toiles biarritz\" class=\"wp-image-1507\" srcset=\"https:\/\/www.hotel-garage-biarritz.fr\/wp-content\/uploads\/2021\/04\/AMES-POOL-edited.jpg 376w, https:\/\/www.hotel-garage-biarritz.fr\/wp-content\/uploads\/2021\/04\/AMES-POOL-edited-300x300.jpg 300w, https:\/\/www.hotel-garage-biarritz.fr\/wp-content\/uploads\/2021\/04\/AMES-POOL-edited-150x150.jpg 150w\" sizes=\"auto, (max-width: 376px) 100vw, 376px\" \/><\/figure>\n<\/div>\n\n\n\n<div class=\"wp-block-column is-layout-flow wp-block-column-is-layout-flow\" style=\"flex-basis:66.66%\">\n<h2 class=\"wp-block-heading\" id=\"que-universo-ha-querido-dar-a-este-nuevo-hotel-en-el-pais-vasco\">\u00bfQu\u00e9 universo ha querido dar a este nuevo hotel en el Pa\u00eds Vasco?<\/h2>\n\n\n\n<p>Pensamos en Le Garage Biarritz como &#8220;La nueva casa&#8221; de Biarritz, un lugar al que la gente tiene por costumbre y que hace que quiera volver. El universo es ecl\u00e9ctico, e imaginado con el esp\u00edritu de la \u00e9poca. Es una direcci\u00f3n intemporal y relajada. Un hotel de lujo pero accesible. A trav\u00e9s de un dise\u00f1o din\u00e1mico, l\u00fadico y afilado, una ligera actitud despreocupada gobierna el lugar.<\/p>\n<\/div>\n<\/div>\n<\/div><\/div>\n\n\n\n<h2 class=\"wp-block-heading\" id=\"usted-habla-de-un-enfoque-intemporal-y-relajado-venimos-al-garaje-por-el-espiritu-de-vacaciones\">Usted habla de un enfoque intemporal y relajado, \u00bfvenimos al Garaje por el esp\u00edritu de vacaciones?<\/h2>\n\n\n\n<p>S\u00ed, absolutamente. La convivencia y el esp\u00edritu relajado marcan claramente el ambiente del hotel. Dise\u00f1amos el lugar con una piscina, una terraza y muebles tejidos de colores. La comunicaci\u00f3n directa entre el interior y el exterior marca el tono de las vacaciones. Las habitaciones tienen armarios abiertos para que se sienta c\u00f3modo y muchas tienen jardines, terrazas o patios privados. El vest\u00edbulo cuenta con una gran mesa para socializar y compartir.<\/p>\n\n\n\n<h2 class=\"wp-block-heading\" id=\"por-que-mantener-el-mundo-del-garaje-en-biarritz\">\u00bfPor qu\u00e9 mantener el mundo del garaje en Biarritz?<\/h2>\n\n\n\n<div class=\"wp-block-columns is-layout-flex wp-container-core-columns-is-layout-9d6595d7 wp-block-columns-is-layout-flex\">\n<div class=\"wp-block-column is-layout-flow wp-block-column-is-layout-flow\" style=\"flex-basis:50%\">\n<p>Quer\u00edamos respetar el lugar, su car\u00e1cter y su pasado; quer\u00edamos retomar la historia del lugar que fue un aeroclub hace m\u00e1s de 100 a\u00f1os, luego un garaje de coches del Hotel Regina y finalmente un garaje de coches cl\u00e1sicos. El hotel Le Garage cuenta una historia real, y esto se refleja en los detalles y las referencias sugeridas. La elecci\u00f3n fundamental fue respetar la arquitectura de este establecimiento \u00fanico.<\/p>\n<\/div>\n\n\n\n<div class=\"wp-block-column is-layout-flow wp-block-column-is-layout-flow\" style=\"flex-basis:50%\">\n<figure class=\"wp-block-image size-medium\"><img loading=\"lazy\" decoding=\"async\" width=\"300\" height=\"212\" src=\"https:\/\/www.hotel-garage-biarritz.fr\/wp-content\/uploads\/2021\/04\/garage-ancien-vert-clair-300x212.png\" alt=\"\" class=\"wp-image-1537\" srcset=\"https:\/\/www.hotel-garage-biarritz.fr\/wp-content\/uploads\/2021\/04\/garage-ancien-vert-clair-300x212.png 300w, https:\/\/www.hotel-garage-biarritz.fr\/wp-content\/uploads\/2021\/04\/garage-ancien-vert-clair.png 749w\" sizes=\"auto, (max-width: 300px) 100vw, 300px\" \/><\/figure>\n<\/div>\n<\/div>\n\n\n\n<h2 class=\"wp-block-heading\" id=\"como-se-transpone-este-espiritu-de-garaje-en-terminos-de-decoracion\"><strong>\u00bfC\u00f3mo se transpone este esp\u00edritu de garaje en t\u00e9rminos de decoraci\u00f3n?<\/strong><\/h2>\n\n\n\n<p>A trav\u00e9s de detalles industriales en particular. Nos inspiramos en la ubicaci\u00f3n y los elementos del tema &#8220;Garaje&#8221; y su \u00e9poca. La elecci\u00f3n de los materiales en estado bruto, como un techo industrial en el vest\u00edbulo, o la madera en bruto, el acero y el hormig\u00f3n&#8230; Muebles de estilo banco de trabajo con patas de acero, l\u00e1mparas e interruptores retro, etc. \u00a1Pero cuidado! La idea no es ajustarse al 100% a un tema, sino tener esta pauta de forma sutil. Todos estos detalles se combinan con otros elementos m\u00e1s femeninos, suaves y soleados.&nbsp;La idea es mantener siempre un equilibrio entre lo crudo y lo refinado.<\/p>\n\n\n\n<figure class=\"wp-block-gallery has-nested-images columns-default is-cropped wp-block-gallery-1 is-layout-flex wp-block-gallery-is-layout-flex\">\n<figure class=\"wp-block-image size-large\"><img loading=\"lazy\" decoding=\"async\" width=\"559\" height=\"526\" data-id=\"1533\" src=\"https:\/\/www.hotel-garage-biarritz.fr\/wp-content\/uploads\/2021\/04\/arche.png\" alt=\"arche chambre garage\" class=\"wp-image-1533\" srcset=\"https:\/\/www.hotel-garage-biarritz.fr\/wp-content\/uploads\/2021\/04\/arche.png 559w, https:\/\/www.hotel-garage-biarritz.fr\/wp-content\/uploads\/2021\/04\/arche-300x282.png 300w\" sizes=\"auto, (max-width: 559px) 100vw, 559px\" \/><\/figure>\n\n\n\n<figure class=\"wp-block-image size-large\"><img loading=\"lazy\" decoding=\"async\" width=\"563\" height=\"717\" data-id=\"1543\" src=\"https:\/\/www.hotel-garage-biarritz.fr\/wp-content\/uploads\/2021\/02\/MUTINA-AMEREE.jpg\" alt=\"DETAIL MUTINA\" class=\"wp-image-1543\" srcset=\"https:\/\/www.hotel-garage-biarritz.fr\/wp-content\/uploads\/2021\/02\/MUTINA-AMEREE.jpg 563w, https:\/\/www.hotel-garage-biarritz.fr\/wp-content\/uploads\/2021\/02\/MUTINA-AMEREE-236x300.jpg 236w\" sizes=\"auto, (max-width: 563px) 100vw, 563px\" \/><\/figure>\n\n\n\n<figure class=\"wp-block-image size-large\"><img loading=\"lazy\" decoding=\"async\" width=\"477\" height=\"469\" data-id=\"1525\" src=\"https:\/\/www.hotel-garage-biarritz.fr\/wp-content\/uploads\/2021\/04\/AMES-TABLE.png\" alt=\"ames table\" class=\"wp-image-1525\" srcset=\"https:\/\/www.hotel-garage-biarritz.fr\/wp-content\/uploads\/2021\/04\/AMES-TABLE.png 477w, https:\/\/www.hotel-garage-biarritz.fr\/wp-content\/uploads\/2021\/04\/AMES-TABLE-300x295.png 300w\" sizes=\"auto, (max-width: 477px) 100vw, 477px\" \/><\/figure>\n<\/figure>\n\n\n\n<h2 class=\"wp-block-heading\" id=\"que-materiales-han-utilizado\">\u00bfQu\u00e9 materiales han utilizado?<\/h2>\n\n\n\n<p>Materias primas como el hormig\u00f3n, el terrazzo para el lado mineral, la madera para el lado natural, as\u00ed como la presencia de alfombras y tejidos (especialmente para las cabeceras) para el lado c\u00e1lido y confortable.<\/p>\n\n\n\n<div class=\"wp-block-columns is-layout-flex wp-container-core-columns-is-layout-9d6595d7 wp-block-columns-is-layout-flex\">\n<div class=\"wp-block-column is-layout-flow wp-block-column-is-layout-flow\">\n<h2 class=\"wp-block-heading\" id=\"y-en-cuanto-a-los-colores-que-tono-le-han-dado-al-lugar\">Y en cuanto a los colores, \u00bfqu\u00e9 tono le han dado al lugar?<\/h2>\n\n\n\n<p>El ambiente del Garage es alegre y colorido, con colores vivos m\u00e1s que pasteles. Entre los colores seleccionados, el &#8220;azul profundo&#8221; y el &#8220;verde agua&#8221;, que recuerdan al oc\u00e9ano y a la naturaleza, contrarrestados por colores m\u00e1s c\u00e1lidos como el terracota, el rojo y el rosa. Sin olvidar el negro para dar energ\u00eda.<\/p>\n<\/div>\n\n\n\n<div class=\"wp-block-column is-layout-flow wp-block-column-is-layout-flow\">\n<figure class=\"wp-block-image size-large\"><img loading=\"lazy\" decoding=\"async\" width=\"756\" height=\"733\" src=\"https:\/\/www.hotel-garage-biarritz.fr\/wp-content\/uploads\/2021\/03\/07.png\" alt=\"Buffet fruits et l\u00e9gumes - H\u00f4tel Le Garage \u00e0 Biarritz\" class=\"wp-image-1429\" srcset=\"https:\/\/www.hotel-garage-biarritz.fr\/wp-content\/uploads\/2021\/03\/07.png 756w, https:\/\/www.hotel-garage-biarritz.fr\/wp-content\/uploads\/2021\/03\/07-300x291.png 300w\" sizes=\"auto, (max-width: 756px) 100vw, 756px\" \/><\/figure>\n<\/div>\n<\/div>\n\n\n\n<div class=\"wp-block-group\"><div class=\"wp-block-group__inner-container is-layout-flow wp-block-group-is-layout-flow\">\n<h2 class=\"wp-block-heading\" id=\"el-hotel-garage-biarritz-tiene-muchas-formas-redondeadas-y-arcos-de-donde-viene-esto\">El hotel Garage Biarritz tiene muchas formas redondeadas y arcos, \u00bfde d\u00f3nde viene esto?<\/h2>\n\n\n\n<p>Nos inspiramos en la arquitectura del edificio y en su incre\u00edble fachada arqueada que da identidad al lugar. Y, efectivamente, los arcos fueron importantes en todo el proyecto. Encontrar\u00e1 esta forma de arco en el vest\u00edbulo o en todas las cabeceras, por ejemplo. Y luego las formas redondeadas son muy feng shui, ayuda a suavizar y armonizar la energ\u00eda.<\/p>\n<\/div><\/div>\n\n\n\n<h2 class=\"wp-block-heading\" id=\"el-hotel-le-garage-biarritz-ofrece-una-experiencia-fuera-de-lo-comun-estamos-claramente-en-un-lugar-inusual-era-un-deseo-romper-los-codigos-y-sorprender-a-los-clientes\">El hotel Le Garage Biarritz ofrece una experiencia fuera de lo com\u00fan, estamos claramente en un lugar inusual. \u00bfEra un deseo romper los c\u00f3digos y sorprender a los clientes ?<\/h2>\n\n\n\n<p>S\u00ed, con un tono extravagante pero asertivo, dejamos el conformismo en un segundo plano. Vamos al hotel para vivir una experiencia real y ver cosas que no ver\u00edamos ni har\u00edamos en casa. Hemos pensado en una decoraci\u00f3n at\u00edpica y original que marque la diferencia.<\/p>\n\n\n\n<blockquote class=\"wp-block-quote is-layout-flow wp-block-quote-is-layout-flow\"><p>Esperamos que todos los hu\u00e9spedes recuerden su estancia en el Hotel Le Garage de Biarritz.<\/p><\/blockquote>\n\n\n\n<p><\/p>\n","protected":false},"excerpt":{"rendered":"<p>Agn\u00e8s y Pauline son las decoradoras del nuevo hotel de 4 estrellas Le Garage Biarritz.\u00a0Estas dos mujeres combinan sus habilidades y conocimientos en la industria hotelera y la renovaci\u00f3n para dise\u00f1ar este maravilloso proyecto frente al oc\u00e9ano. Aqu\u00ed comparten sus inspiraciones y motivaciones para la creaci\u00f3n del Hotel Le Garage Biarritz.<\/p>\n","protected":false},"author":1,"featured_media":0,"comment_status":"closed","ping_status":"closed","sticky":false,"template":"","format":"standard","meta":{"footnotes":""},"categories":[32],"tags":[],"class_list":["post-1844","post","type-post","status-publish","format-standard","hentry","category-sin-categorizar","entry"],"yoast_head":"<!-- This site is optimized with the Yoast SEO plugin v27.5 - https:\/\/yoast.com\/product\/yoast-seo-wordpress\/ -->\n<title>ENTREVISTA: Los decoradores del Garage | Le Garage Biarritz<\/title>\n<meta name=\"description\" content=\"Descubra nuestro art\u00edculo sobre ENTREVISTA: Los decoradores del Garage en el blog del Garage, un Hotel de dise\u00f1o de moda en Biarritz\" \/>\n<meta name=\"robots\" content=\"index, follow, max-snippet:-1, max-image-preview:large, max-video-preview:-1\" \/>\n<link rel=\"canonical\" href=\"https:\/\/www.hotel-garage-biarritz.fr\/es\/entrevista-los-decoradores-del-garage\/\" \/>\n<meta property=\"og:locale\" content=\"es_ES\" \/>\n<meta property=\"og:type\" content=\"article\" \/>\n<meta property=\"og:title\" content=\"ENTREVISTA: Los decoradores del Garage | Le Garage Biarritz\" \/>\n<meta property=\"og:description\" content=\"Descubra nuestro art\u00edculo sobre ENTREVISTA: Los decoradores del Garage en el blog del Garage, un Hotel de dise\u00f1o de moda en Biarritz\" \/>\n<meta property=\"og:url\" content=\"https:\/\/www.hotel-garage-biarritz.fr\/es\/entrevista-los-decoradores-del-garage\/\" \/>\n<meta property=\"og:site_name\" content=\"Le Garage\" \/>\n<meta property=\"article:published_time\" content=\"2021-02-24T15:00:19+00:00\" \/>\n<meta property=\"article:modified_time\" content=\"2022-02-21T18:45:03+00:00\" \/>\n<meta property=\"og:image\" content=\"https:\/\/www.hotel-garage-biarritz.fr\/wp-content\/uploads\/2021\/02\/Weny-Wei--scaled.jpg\" \/>\n\t<meta property=\"og:image:width\" content=\"1919\" \/>\n\t<meta property=\"og:image:height\" content=\"2560\" \/>\n\t<meta property=\"og:image:type\" content=\"image\/jpeg\" \/>\n<meta name=\"author\" content=\"David\" \/>\n<meta name=\"twitter:card\" content=\"summary_large_image\" \/>\n<meta name=\"twitter:label1\" content=\"Written by\" \/>\n\t<meta name=\"twitter:data1\" content=\"David\" \/>\n\t<meta name=\"twitter:label2\" content=\"Est. reading time\" \/>\n\t<meta name=\"twitter:data2\" content=\"6 minutes\" \/>\n<script type=\"application\/ld+json\" class=\"yoast-schema-graph\">{\"@context\":\"https:\\\/\\\/schema.org\",\"@graph\":[{\"@type\":\"Article\",\"@id\":\"https:\\\/\\\/www.hotel-garage-biarritz.fr\\\/es\\\/entrevista-los-decoradores-del-garage\\\/#article\",\"isPartOf\":{\"@id\":\"https:\\\/\\\/www.hotel-garage-biarritz.fr\\\/es\\\/entrevista-los-decoradores-del-garage\\\/\"},\"author\":{\"name\":\"David\",\"@id\":\"https:\\\/\\\/www.hotel-garage-biarritz.fr\\\/#\\\/schema\\\/person\\\/06c95a86235d403ae82eeefe6b6ebff8\"},\"headline\":\"ENTREVISTA: Los decoradores del Garage\",\"datePublished\":\"2021-02-24T15:00:19+00:00\",\"dateModified\":\"2022-02-21T18:45:03+00:00\",\"mainEntityOfPage\":{\"@id\":\"https:\\\/\\\/www.hotel-garage-biarritz.fr\\\/es\\\/entrevista-los-decoradores-del-garage\\\/\"},\"wordCount\":909,\"publisher\":{\"@id\":\"https:\\\/\\\/www.hotel-garage-biarritz.fr\\\/#organization\"},\"image\":{\"@id\":\"https:\\\/\\\/www.hotel-garage-biarritz.fr\\\/es\\\/entrevista-los-decoradores-del-garage\\\/#primaryimage\"},\"thumbnailUrl\":\"https:\\\/\\\/www.hotel-garage-biarritz.fr\\\/wp-content\\\/uploads\\\/2021\\\/02\\\/Weny-Wei--150x150.jpg\",\"articleSection\":[\"Sin categorizar\"],\"inLanguage\":\"es-ES\"},{\"@type\":\"WebPage\",\"@id\":\"https:\\\/\\\/www.hotel-garage-biarritz.fr\\\/es\\\/entrevista-los-decoradores-del-garage\\\/\",\"url\":\"https:\\\/\\\/www.hotel-garage-biarritz.fr\\\/es\\\/entrevista-los-decoradores-del-garage\\\/\",\"name\":\"ENTREVISTA: Los decoradores del Garage | Le Garage Biarritz\",\"isPartOf\":{\"@id\":\"https:\\\/\\\/www.hotel-garage-biarritz.fr\\\/#website\"},\"primaryImageOfPage\":{\"@id\":\"https:\\\/\\\/www.hotel-garage-biarritz.fr\\\/es\\\/entrevista-los-decoradores-del-garage\\\/#primaryimage\"},\"image\":{\"@id\":\"https:\\\/\\\/www.hotel-garage-biarritz.fr\\\/es\\\/entrevista-los-decoradores-del-garage\\\/#primaryimage\"},\"thumbnailUrl\":\"https:\\\/\\\/www.hotel-garage-biarritz.fr\\\/wp-content\\\/uploads\\\/2021\\\/02\\\/Weny-Wei--150x150.jpg\",\"datePublished\":\"2021-02-24T15:00:19+00:00\",\"dateModified\":\"2022-02-21T18:45:03+00:00\",\"description\":\"Descubra nuestro art\u00edculo sobre ENTREVISTA: Los decoradores del Garage en el blog del Garage, un Hotel de dise\u00f1o de moda en Biarritz\",\"breadcrumb\":{\"@id\":\"https:\\\/\\\/www.hotel-garage-biarritz.fr\\\/es\\\/entrevista-los-decoradores-del-garage\\\/#breadcrumb\"},\"inLanguage\":\"es-ES\",\"potentialAction\":[{\"@type\":\"ReadAction\",\"target\":[\"https:\\\/\\\/www.hotel-garage-biarritz.fr\\\/es\\\/entrevista-los-decoradores-del-garage\\\/\"]}]},{\"@type\":\"ImageObject\",\"inLanguage\":\"es-ES\",\"@id\":\"https:\\\/\\\/www.hotel-garage-biarritz.fr\\\/es\\\/entrevista-los-decoradores-del-garage\\\/#primaryimage\",\"url\":\"https:\\\/\\\/www.hotel-garage-biarritz.fr\\\/wp-content\\\/uploads\\\/2021\\\/02\\\/Weny-Wei--150x150.jpg\",\"contentUrl\":\"https:\\\/\\\/www.hotel-garage-biarritz.fr\\\/wp-content\\\/uploads\\\/2021\\\/02\\\/Weny-Wei--150x150.jpg\"},{\"@type\":\"BreadcrumbList\",\"@id\":\"https:\\\/\\\/www.hotel-garage-biarritz.fr\\\/es\\\/entrevista-los-decoradores-del-garage\\\/#breadcrumb\",\"itemListElement\":[{\"@type\":\"ListItem\",\"position\":1,\"name\":\"Accueil\",\"item\":\"https:\\\/\\\/www.hotel-garage-biarritz.fr\\\/es\\\/\"},{\"@type\":\"ListItem\",\"position\":2,\"name\":\"Non classifi\u00e9(e)\",\"item\":\"https:\\\/\\\/www.hotel-garage-biarritz.fr\\\/category\\\/non-classifiee\\\/\"},{\"@type\":\"ListItem\",\"position\":3,\"name\":\"ENTREVISTA: Los decoradores del Garage\"}]},{\"@type\":\"WebSite\",\"@id\":\"https:\\\/\\\/www.hotel-garage-biarritz.fr\\\/#website\",\"url\":\"https:\\\/\\\/www.hotel-garage-biarritz.fr\\\/\",\"name\":\"Le Garage\",\"description\":\"Biarritz\",\"publisher\":{\"@id\":\"https:\\\/\\\/www.hotel-garage-biarritz.fr\\\/#organization\"},\"potentialAction\":[{\"@type\":\"SearchAction\",\"target\":{\"@type\":\"EntryPoint\",\"urlTemplate\":\"https:\\\/\\\/www.hotel-garage-biarritz.fr\\\/?s={search_term_string}\"},\"query-input\":{\"@type\":\"PropertyValueSpecification\",\"valueRequired\":true,\"valueName\":\"search_term_string\"}}],\"inLanguage\":\"es-ES\"},{\"@type\":\"Organization\",\"@id\":\"https:\\\/\\\/www.hotel-garage-biarritz.fr\\\/#organization\",\"name\":\"H\u00f4tel Le Garage\",\"url\":\"https:\\\/\\\/www.hotel-garage-biarritz.fr\\\/\",\"logo\":{\"@type\":\"ImageObject\",\"inLanguage\":\"es-ES\",\"@id\":\"https:\\\/\\\/www.hotel-garage-biarritz.fr\\\/#\\\/schema\\\/logo\\\/image\\\/\",\"url\":\"https:\\\/\\\/www.hotel-garage-biarritz.fr\\\/wp-content\\\/uploads\\\/2021\\\/03\\\/hotel-le-garage_footer-logo-arch.png\",\"contentUrl\":\"https:\\\/\\\/www.hotel-garage-biarritz.fr\\\/wp-content\\\/uploads\\\/2021\\\/03\\\/hotel-le-garage_footer-logo-arch.png\",\"width\":524,\"height\":707,\"caption\":\"H\u00f4tel Le Garage\"},\"image\":{\"@id\":\"https:\\\/\\\/www.hotel-garage-biarritz.fr\\\/#\\\/schema\\\/logo\\\/image\\\/\"},\"sameAs\":[\"https:\\\/\\\/www.instagram.com\\\/garagebiarritz\\\/\"]},{\"@type\":\"Person\",\"@id\":\"https:\\\/\\\/www.hotel-garage-biarritz.fr\\\/#\\\/schema\\\/person\\\/06c95a86235d403ae82eeefe6b6ebff8\",\"name\":\"David\",\"image\":{\"@type\":\"ImageObject\",\"inLanguage\":\"es-ES\",\"@id\":\"https:\\\/\\\/secure.gravatar.com\\\/avatar\\\/db77260aa243ebd6823b0d05c1a69c4673be13117a560fdb06349b08056950fa?s=96&d=mm&r=g\",\"url\":\"https:\\\/\\\/secure.gravatar.com\\\/avatar\\\/db77260aa243ebd6823b0d05c1a69c4673be13117a560fdb06349b08056950fa?s=96&d=mm&r=g\",\"contentUrl\":\"https:\\\/\\\/secure.gravatar.com\\\/avatar\\\/db77260aa243ebd6823b0d05c1a69c4673be13117a560fdb06349b08056950fa?s=96&d=mm&r=g\",\"caption\":\"David\"},\"sameAs\":[\"http:\\\/\\\/localhost:8888\\\/le-garage\"]}]}<\/script>\n<!-- \/ Yoast SEO plugin. -->","yoast_head_json":{"title":"ENTREVISTA: Los decoradores del Garage | Le Garage Biarritz","description":"Descubra nuestro art\u00edculo sobre ENTREVISTA: Los decoradores del Garage en el blog del Garage, un Hotel de dise\u00f1o de moda en Biarritz","robots":{"index":"index","follow":"follow","max-snippet":"max-snippet:-1","max-image-preview":"max-image-preview:large","max-video-preview":"max-video-preview:-1"},"canonical":"https:\/\/www.hotel-garage-biarritz.fr\/es\/entrevista-los-decoradores-del-garage\/","og_locale":"es_ES","og_type":"article","og_title":"ENTREVISTA: Los decoradores del Garage | Le Garage Biarritz","og_description":"Descubra nuestro art\u00edculo sobre ENTREVISTA: Los decoradores del Garage en el blog del Garage, un Hotel de dise\u00f1o de moda en Biarritz","og_url":"https:\/\/www.hotel-garage-biarritz.fr\/es\/entrevista-los-decoradores-del-garage\/","og_site_name":"Le Garage","article_published_time":"2021-02-24T15:00:19+00:00","article_modified_time":"2022-02-21T18:45:03+00:00","og_image":[{"width":1919,"height":2560,"url":"https:\/\/www.hotel-garage-biarritz.fr\/wp-content\/uploads\/2021\/02\/Weny-Wei--scaled.jpg","type":"image\/jpeg"}],"author":"David","twitter_card":"summary_large_image","twitter_misc":{"Written by":"David","Est. reading time":"6 minutes"},"schema":{"@context":"https:\/\/schema.org","@graph":[{"@type":"Article","@id":"https:\/\/www.hotel-garage-biarritz.fr\/es\/entrevista-los-decoradores-del-garage\/#article","isPartOf":{"@id":"https:\/\/www.hotel-garage-biarritz.fr\/es\/entrevista-los-decoradores-del-garage\/"},"author":{"name":"David","@id":"https:\/\/www.hotel-garage-biarritz.fr\/#\/schema\/person\/06c95a86235d403ae82eeefe6b6ebff8"},"headline":"ENTREVISTA: Los decoradores del Garage","datePublished":"2021-02-24T15:00:19+00:00","dateModified":"2022-02-21T18:45:03+00:00","mainEntityOfPage":{"@id":"https:\/\/www.hotel-garage-biarritz.fr\/es\/entrevista-los-decoradores-del-garage\/"},"wordCount":909,"publisher":{"@id":"https:\/\/www.hotel-garage-biarritz.fr\/#organization"},"image":{"@id":"https:\/\/www.hotel-garage-biarritz.fr\/es\/entrevista-los-decoradores-del-garage\/#primaryimage"},"thumbnailUrl":"https:\/\/www.hotel-garage-biarritz.fr\/wp-content\/uploads\/2021\/02\/Weny-Wei--150x150.jpg","articleSection":["Sin categorizar"],"inLanguage":"es-ES"},{"@type":"WebPage","@id":"https:\/\/www.hotel-garage-biarritz.fr\/es\/entrevista-los-decoradores-del-garage\/","url":"https:\/\/www.hotel-garage-biarritz.fr\/es\/entrevista-los-decoradores-del-garage\/","name":"ENTREVISTA: Los decoradores del Garage | Le Garage Biarritz","isPartOf":{"@id":"https:\/\/www.hotel-garage-biarritz.fr\/#website"},"primaryImageOfPage":{"@id":"https:\/\/www.hotel-garage-biarritz.fr\/es\/entrevista-los-decoradores-del-garage\/#primaryimage"},"image":{"@id":"https:\/\/www.hotel-garage-biarritz.fr\/es\/entrevista-los-decoradores-del-garage\/#primaryimage"},"thumbnailUrl":"https:\/\/www.hotel-garage-biarritz.fr\/wp-content\/uploads\/2021\/02\/Weny-Wei--150x150.jpg","datePublished":"2021-02-24T15:00:19+00:00","dateModified":"2022-02-21T18:45:03+00:00","description":"Descubra nuestro art\u00edculo sobre ENTREVISTA: Los decoradores del Garage en el blog del Garage, un Hotel de dise\u00f1o de moda en Biarritz","breadcrumb":{"@id":"https:\/\/www.hotel-garage-biarritz.fr\/es\/entrevista-los-decoradores-del-garage\/#breadcrumb"},"inLanguage":"es-ES","potentialAction":[{"@type":"ReadAction","target":["https:\/\/www.hotel-garage-biarritz.fr\/es\/entrevista-los-decoradores-del-garage\/"]}]},{"@type":"ImageObject","inLanguage":"es-ES","@id":"https:\/\/www.hotel-garage-biarritz.fr\/es\/entrevista-los-decoradores-del-garage\/#primaryimage","url":"https:\/\/www.hotel-garage-biarritz.fr\/wp-content\/uploads\/2021\/02\/Weny-Wei--150x150.jpg","contentUrl":"https:\/\/www.hotel-garage-biarritz.fr\/wp-content\/uploads\/2021\/02\/Weny-Wei--150x150.jpg"},{"@type":"BreadcrumbList","@id":"https:\/\/www.hotel-garage-biarritz.fr\/es\/entrevista-los-decoradores-del-garage\/#breadcrumb","itemListElement":[{"@type":"ListItem","position":1,"name":"Accueil","item":"https:\/\/www.hotel-garage-biarritz.fr\/es\/"},{"@type":"ListItem","position":2,"name":"Non classifi\u00e9(e)","item":"https:\/\/www.hotel-garage-biarritz.fr\/category\/non-classifiee\/"},{"@type":"ListItem","position":3,"name":"ENTREVISTA: Los decoradores del Garage"}]},{"@type":"WebSite","@id":"https:\/\/www.hotel-garage-biarritz.fr\/#website","url":"https:\/\/www.hotel-garage-biarritz.fr\/","name":"Le Garage","description":"Biarritz","publisher":{"@id":"https:\/\/www.hotel-garage-biarritz.fr\/#organization"},"potentialAction":[{"@type":"SearchAction","target":{"@type":"EntryPoint","urlTemplate":"https:\/\/www.hotel-garage-biarritz.fr\/?s={search_term_string}"},"query-input":{"@type":"PropertyValueSpecification","valueRequired":true,"valueName":"search_term_string"}}],"inLanguage":"es-ES"},{"@type":"Organization","@id":"https:\/\/www.hotel-garage-biarritz.fr\/#organization","name":"H\u00f4tel Le Garage","url":"https:\/\/www.hotel-garage-biarritz.fr\/","logo":{"@type":"ImageObject","inLanguage":"es-ES","@id":"https:\/\/www.hotel-garage-biarritz.fr\/#\/schema\/logo\/image\/","url":"https:\/\/www.hotel-garage-biarritz.fr\/wp-content\/uploads\/2021\/03\/hotel-le-garage_footer-logo-arch.png","contentUrl":"https:\/\/www.hotel-garage-biarritz.fr\/wp-content\/uploads\/2021\/03\/hotel-le-garage_footer-logo-arch.png","width":524,"height":707,"caption":"H\u00f4tel Le Garage"},"image":{"@id":"https:\/\/www.hotel-garage-biarritz.fr\/#\/schema\/logo\/image\/"},"sameAs":["https:\/\/www.instagram.com\/garagebiarritz\/"]},{"@type":"Person","@id":"https:\/\/www.hotel-garage-biarritz.fr\/#\/schema\/person\/06c95a86235d403ae82eeefe6b6ebff8","name":"David","image":{"@type":"ImageObject","inLanguage":"es-ES","@id":"https:\/\/secure.gravatar.com\/avatar\/db77260aa243ebd6823b0d05c1a69c4673be13117a560fdb06349b08056950fa?s=96&d=mm&r=g","url":"https:\/\/secure.gravatar.com\/avatar\/db77260aa243ebd6823b0d05c1a69c4673be13117a560fdb06349b08056950fa?s=96&d=mm&r=g","contentUrl":"https:\/\/secure.gravatar.com\/avatar\/db77260aa243ebd6823b0d05c1a69c4673be13117a560fdb06349b08056950fa?s=96&d=mm&r=g","caption":"David"},"sameAs":["http:\/\/localhost:8888\/le-garage"]}]}},"_links":{"self":[{"href":"https:\/\/www.hotel-garage-biarritz.fr\/es\/wp-json\/wp\/v2\/posts\/1844","targetHints":{"allow":["GET"]}}],"collection":[{"href":"https:\/\/www.hotel-garage-biarritz.fr\/es\/wp-json\/wp\/v2\/posts"}],"about":[{"href":"https:\/\/www.hotel-garage-biarritz.fr\/es\/wp-json\/wp\/v2\/types\/post"}],"author":[{"embeddable":true,"href":"https:\/\/www.hotel-garage-biarritz.fr\/es\/wp-json\/wp\/v2\/users\/1"}],"replies":[{"embeddable":true,"href":"https:\/\/www.hotel-garage-biarritz.fr\/es\/wp-json\/wp\/v2\/comments?post=1844"}],"version-history":[{"count":0,"href":"https:\/\/www.hotel-garage-biarritz.fr\/es\/wp-json\/wp\/v2\/posts\/1844\/revisions"}],"wp:attachment":[{"href":"https:\/\/www.hotel-garage-biarritz.fr\/es\/wp-json\/wp\/v2\/media?parent=1844"}],"wp:term":[{"taxonomy":"category","embeddable":true,"href":"https:\/\/www.hotel-garage-biarritz.fr\/es\/wp-json\/wp\/v2\/categories?post=1844"},{"taxonomy":"post_tag","embeddable":true,"href":"https:\/\/www.hotel-garage-biarritz.fr\/es\/wp-json\/wp\/v2\/tags?post=1844"}],"curies":[{"name":"wp","href":"https:\/\/api.w.org\/{rel}","templated":true}]}}